{"id":5091,"date":"2022-11-22T08:02:32","date_gmt":"2022-11-22T07:02:32","guid":{"rendered":"https:\/\/www.adlsantjosep.com\/blog\/2020\/12\/03\/vols-que-comerc-regali-6000e-teua-clientela\/"},"modified":"2025-11-24T13:43:22","modified_gmt":"2025-11-24T12:43:22","slug":"quieres-que-tu-comercio-regale-6000e-estas-navidades","status":"publish","type":"post","link":"https:\/\/www.adlsantjosep.com\/es\/blog\/2022\/11\/22\/quieres-que-tu-comercio-regale-6000e-estas-navidades\/","title":{"rendered":"El viernes empezar\u00e1 la campa\u00f1a de los 6.000 euros de PIMEEF"},"content":{"rendered":"<form class=\"formulari form-horizontal\">\n<div class=\"traductor-textarea form-group\">\n<div class=\"textarea-desti col-xs-12 col-sm-6\">\n<div class=\"form-control second-textarea\">\n<div class=\"traductor-textarea form-group\">\n<div class=\"form-control second-textarea\">\n<div id=\"post-text\" class=\"post-text\">\n<div class=\"row\">\n<div class=\"col\">\n<p>El pr\u00f3ximo viernes, 25 de noviembre, la Peque\u00f1a y Mediana Empresa de Ibiza y Formentera (PIMEEF) dar\u00e1 el pistoletazo de salida a la d\u00e9cimotercera edici\u00f3n de la campa\u00f1a de los 6000 euros para fomentar la compra en los peque\u00f1os comercios de la isla.<\/p>\n<div id=\"post-text-box\" class=\"unregistered-content\"><\/div>\n<div id=\"post-text-hidden\">\n<p>Seg\u00fan ha se\u00f1alado el presidente de la Asociaci\u00f3n de Comercio de PIMEEF, Jos\u00e9 Javier Mar\u00ed Noguera, se ha puesto como fecha de salida el inicio del Black Friday porque se trata de una de las fechas de mayor actividad econ\u00f3mica del a\u00f1o. Mar\u00ed ha indicado a su vez que se trata de una de las campa\u00f1as que m\u00e1s ilusi\u00f3n hacen en la PIMEEF \u00abpor la alegr\u00eda que se les da a las familias a las que las toca el premio\u00bb, adem\u00e1s de por los propios comercios que merced a esta promoci\u00f3n ampl\u00edan sus ventas.<\/p>\n<p>Esta edici\u00f3n participar\u00e1n 200 comercios de todos los municipios de la isla y se repartir\u00e1n 55.000 papeletas \u00abque como cada a\u00f1o casi todas entrar\u00e1n en el sorteo\u00bb.<\/p>\n<p>Por su parte la consellera de Econom\u00eda y Hacienda del Consell d\u2019Eivissa, Mar\u00eda Fajarn\u00e9s, ha destacado que esta campa\u00f1a es \u00abun impulso para el peque\u00f1o comercio en esta situaci\u00f3n de incertidumbre en la que estamos\u00bb.<\/p>\n<\/div>\n<\/div>\n<\/div>\n<\/div>\n<p>Con tu colaboraci\u00f3n, el agraciado puede ser uno de tus clientes.<\/p>\n<p>&nbsp;<\/p>\n<\/div>\n<\/div>\n<\/div>\n<\/div>\n<\/div>\n<\/form>\n","protected":false},"excerpt":{"rendered":"<p>El pr\u00f3ximo viernes, 25 de noviembre, la Peque\u00f1a y Mediana Empresa de Ibiza y Formentera (PIMEEF) dar\u00e1 el pistoletazo de salida a la d\u00e9cimotercera edici\u00f3n de la campa\u00f1a de los [&hellip;]<\/p>\n","protected":false},"author":18,"featured_media":7537,"comment_status":"closed","ping_status":"open","sticky":false,"template":"","format":"standard","meta":{"footnotes":""},"categories":[261,254],"tags":[],"class_list":["post-5091","post","type-post","status-publish","format-standard","has-post-thumbnail","category-campanas-es","category-comerico-es"],"yoast_head":"<!-- This site is optimized with the Yoast SEO plugin v27.1.1 - https:\/\/yoast.com\/product\/yoast-seo-wordpress\/ -->\n<title>El viernes empezar\u00e1 la campa\u00f1a de los 6.000 euros de PIMEEF<\/title>\n<meta name=\"robots\" content=\"index, follow, max-snippet:-1, max-image-preview:large, max-video-preview:-1\" \/>\n<link rel=\"canonical\" href=\"https:\/\/www.adlsantjosep.com\/es\/blog\/2022\/11\/22\/quieres-que-tu-comercio-regale-6000e-estas-navidades\/\" \/>\n<meta property=\"og:locale\" content=\"es_ES\" \/>\n<meta property=\"og:type\" content=\"article\" \/>\n<meta property=\"og:title\" content=\"El viernes empezar\u00e1 la campa\u00f1a de los 6.000 euros de PIMEEF\" \/>\n<meta property=\"og:description\" content=\"El pr\u00f3ximo viernes, 25 de noviembre, la Peque\u00f1a y Mediana Empresa de Ibiza y Formentera (PIMEEF) dar\u00e1 el pistoletazo de salida a la d\u00e9cimotercera edici\u00f3n de la campa\u00f1a de los [&hellip;]\" \/>\n<meta property=\"og:url\" content=\"https:\/\/www.adlsantjosep.com\/es\/blog\/2022\/11\/22\/quieres-que-tu-comercio-regale-6000e-estas-navidades\/\" \/>\n<meta property=\"og:site_name\" content=\"Agencia de Desarrollo Local de Sant Josep de sa Talaia\" \/>\n<meta property=\"article:publisher\" content=\"https:\/\/www.facebook.com\/adlsantjosep\/\" \/>\n<meta property=\"article:published_time\" content=\"2022-11-22T07:02:32+00:00\" \/>\n<meta property=\"article:modified_time\" content=\"2025-11-24T12:43:22+00:00\" \/>\n<meta property=\"og:image\" content=\"https:\/\/www.adlsantjosep.com\/wp-content\/uploads\/2022\/11\/2183661.jpg\" \/>\n\t<meta property=\"og:image:width\" content=\"1500\" \/>\n\t<meta property=\"og:image:height\" content=\"1125\" \/>\n\t<meta property=\"og:image:type\" content=\"image\/jpeg\" \/>\n<meta name=\"author\" content=\"We Love Media\" \/>\n<meta name=\"twitter:card\" content=\"summary_large_image\" \/>\n<meta name=\"twitter:creator\" content=\"@adlsantjosep\" \/>\n<meta name=\"twitter:site\" content=\"@adlsantjosep\" \/>\n<meta name=\"twitter:label1\" content=\"Escrito por\" \/>\n\t<meta name=\"twitter:data1\" content=\"We Love Media\" \/>\n\t<meta name=\"twitter:label2\" content=\"Tiempo de lectura\" \/>\n\t<meta name=\"twitter:data2\" content=\"1 minuto\" \/>\n<script type=\"application\/ld+json\" class=\"yoast-schema-graph\">{\"@context\":\"https:\/\/schema.org\",\"@graph\":[{\"@type\":\"Article\",\"@id\":\"https:\/\/www.adlsantjosep.com\/es\/blog\/2022\/11\/22\/quieres-que-tu-comercio-regale-6000e-estas-navidades\/#article\",\"isPartOf\":{\"@id\":\"https:\/\/www.adlsantjosep.com\/es\/blog\/2022\/11\/22\/quieres-que-tu-comercio-regale-6000e-estas-navidades\/\"},\"author\":{\"name\":\"We Love Media\",\"@id\":\"https:\/\/www.adlsantjosep.com\/#\/schema\/person\/27c50b0df0371db726272a869a01b959\"},\"headline\":\"El viernes empezar\u00e1 la campa\u00f1a de los 6.000 euros de PIMEEF\",\"datePublished\":\"2022-11-22T07:02:32+00:00\",\"dateModified\":\"2025-11-24T12:43:22+00:00\",\"mainEntityOfPage\":{\"@id\":\"https:\/\/www.adlsantjosep.com\/es\/blog\/2022\/11\/22\/quieres-que-tu-comercio-regale-6000e-estas-navidades\/\"},\"wordCount\":249,\"image\":{\"@id\":\"https:\/\/www.adlsantjosep.com\/es\/blog\/2022\/11\/22\/quieres-que-tu-comercio-regale-6000e-estas-navidades\/#primaryimage\"},\"thumbnailUrl\":\"https:\/\/www.adlsantjosep.com\/wp-content\/uploads\/2022\/11\/2183661.jpg\",\"articleSection\":[\"CAMPA\u00d1AS\",\"COMERCIO\"],\"inLanguage\":\"es\"},{\"@type\":\"WebPage\",\"@id\":\"https:\/\/www.adlsantjosep.com\/es\/blog\/2022\/11\/22\/quieres-que-tu-comercio-regale-6000e-estas-navidades\/\",\"url\":\"https:\/\/www.adlsantjosep.com\/es\/blog\/2022\/11\/22\/quieres-que-tu-comercio-regale-6000e-estas-navidades\/\",\"name\":\"El viernes empezar\u00e1 la campa\u00f1a de los 6.000 euros de PIMEEF\",\"isPartOf\":{\"@id\":\"https:\/\/www.adlsantjosep.com\/#website\"},\"primaryImageOfPage\":{\"@id\":\"https:\/\/www.adlsantjosep.com\/es\/blog\/2022\/11\/22\/quieres-que-tu-comercio-regale-6000e-estas-navidades\/#primaryimage\"},\"image\":{\"@id\":\"https:\/\/www.adlsantjosep.com\/es\/blog\/2022\/11\/22\/quieres-que-tu-comercio-regale-6000e-estas-navidades\/#primaryimage\"},\"thumbnailUrl\":\"https:\/\/www.adlsantjosep.com\/wp-content\/uploads\/2022\/11\/2183661.jpg\",\"datePublished\":\"2022-11-22T07:02:32+00:00\",\"dateModified\":\"2025-11-24T12:43:22+00:00\",\"author\":{\"@id\":\"https:\/\/www.adlsantjosep.com\/#\/schema\/person\/27c50b0df0371db726272a869a01b959\"},\"breadcrumb\":{\"@id\":\"https:\/\/www.adlsantjosep.com\/es\/blog\/2022\/11\/22\/quieres-que-tu-comercio-regale-6000e-estas-navidades\/#breadcrumb\"},\"inLanguage\":\"es\",\"potentialAction\":[{\"@type\":\"ReadAction\",\"target\":[\"https:\/\/www.adlsantjosep.com\/es\/blog\/2022\/11\/22\/quieres-que-tu-comercio-regale-6000e-estas-navidades\/\"]}]},{\"@type\":\"ImageObject\",\"inLanguage\":\"es\",\"@id\":\"https:\/\/www.adlsantjosep.com\/es\/blog\/2022\/11\/22\/quieres-que-tu-comercio-regale-6000e-estas-navidades\/#primaryimage\",\"url\":\"https:\/\/www.adlsantjosep.com\/wp-content\/uploads\/2022\/11\/2183661.jpg\",\"contentUrl\":\"https:\/\/www.adlsantjosep.com\/wp-content\/uploads\/2022\/11\/2183661.jpg\",\"width\":1500,\"height\":1125},{\"@type\":\"BreadcrumbList\",\"@id\":\"https:\/\/www.adlsantjosep.com\/es\/blog\/2022\/11\/22\/quieres-que-tu-comercio-regale-6000e-estas-navidades\/#breadcrumb\",\"itemListElement\":[{\"@type\":\"ListItem\",\"position\":1,\"name\":\"Portada\",\"item\":\"https:\/\/www.adlsantjosep.com\/es\/\"},{\"@type\":\"ListItem\",\"position\":2,\"name\":\"El viernes empezar\u00e1 la campa\u00f1a de los 6.000 euros de PIMEEF\"}]},{\"@type\":\"WebSite\",\"@id\":\"https:\/\/www.adlsantjosep.com\/#website\",\"url\":\"https:\/\/www.adlsantjosep.com\/\",\"name\":\"Ag\u00e8ncia de Desenvolupament Local de Sant Josep de sa Talaia\",\"description\":\"Agencia de Desarrollo Local\",\"potentialAction\":[{\"@type\":\"SearchAction\",\"target\":{\"@type\":\"EntryPoint\",\"urlTemplate\":\"https:\/\/www.adlsantjosep.com\/?s={search_term_string}\"},\"query-input\":{\"@type\":\"PropertyValueSpecification\",\"valueRequired\":true,\"valueName\":\"search_term_string\"}}],\"inLanguage\":\"es\"},{\"@type\":\"Person\",\"@id\":\"https:\/\/www.adlsantjosep.com\/#\/schema\/person\/27c50b0df0371db726272a869a01b959\",\"name\":\"We Love Media\",\"image\":{\"@type\":\"ImageObject\",\"inLanguage\":\"es\",\"@id\":\"https:\/\/www.adlsantjosep.com\/#\/schema\/person\/image\/\",\"url\":\"https:\/\/secure.gravatar.com\/avatar\/df41328486a8eac99220a87521f321da45bd04d5a0e572431333c3df04ff20d4?s=96&d=mm&r=g\",\"contentUrl\":\"https:\/\/secure.gravatar.com\/avatar\/df41328486a8eac99220a87521f321da45bd04d5a0e572431333c3df04ff20d4?s=96&d=mm&r=g\",\"caption\":\"We Love Media\"}}]}<\/script>\n<!-- \/ Yoast SEO plugin. -->","yoast_head_json":{"title":"El viernes empezar\u00e1 la campa\u00f1a de los 6.000 euros de PIMEEF","robots":{"index":"index","follow":"follow","max-snippet":"max-snippet:-1","max-image-preview":"max-image-preview:large","max-video-preview":"max-video-preview:-1"},"canonical":"https:\/\/www.adlsantjosep.com\/es\/blog\/2022\/11\/22\/quieres-que-tu-comercio-regale-6000e-estas-navidades\/","og_locale":"es_ES","og_type":"article","og_title":"El viernes empezar\u00e1 la campa\u00f1a de los 6.000 euros de PIMEEF","og_description":"El pr\u00f3ximo viernes, 25 de noviembre, la Peque\u00f1a y Mediana Empresa de Ibiza y Formentera (PIMEEF) dar\u00e1 el pistoletazo de salida a la d\u00e9cimotercera edici\u00f3n de la campa\u00f1a de los [&hellip;]","og_url":"https:\/\/www.adlsantjosep.com\/es\/blog\/2022\/11\/22\/quieres-que-tu-comercio-regale-6000e-estas-navidades\/","og_site_name":"Agencia de Desarrollo Local de Sant Josep de sa Talaia","article_publisher":"https:\/\/www.facebook.com\/adlsantjosep\/","article_published_time":"2022-11-22T07:02:32+00:00","article_modified_time":"2025-11-24T12:43:22+00:00","og_image":[{"width":1500,"height":1125,"url":"https:\/\/www.adlsantjosep.com\/wp-content\/uploads\/2022\/11\/2183661.jpg","type":"image\/jpeg"}],"author":"We Love Media","twitter_card":"summary_large_image","twitter_creator":"@adlsantjosep","twitter_site":"@adlsantjosep","twitter_misc":{"Escrito por":"We Love Media","Tiempo de lectura":"1 minuto"},"schema":{"@context":"https:\/\/schema.org","@graph":[{"@type":"Article","@id":"https:\/\/www.adlsantjosep.com\/es\/blog\/2022\/11\/22\/quieres-que-tu-comercio-regale-6000e-estas-navidades\/#article","isPartOf":{"@id":"https:\/\/www.adlsantjosep.com\/es\/blog\/2022\/11\/22\/quieres-que-tu-comercio-regale-6000e-estas-navidades\/"},"author":{"name":"We Love Media","@id":"https:\/\/www.adlsantjosep.com\/#\/schema\/person\/27c50b0df0371db726272a869a01b959"},"headline":"El viernes empezar\u00e1 la campa\u00f1a de los 6.000 euros de PIMEEF","datePublished":"2022-11-22T07:02:32+00:00","dateModified":"2025-11-24T12:43:22+00:00","mainEntityOfPage":{"@id":"https:\/\/www.adlsantjosep.com\/es\/blog\/2022\/11\/22\/quieres-que-tu-comercio-regale-6000e-estas-navidades\/"},"wordCount":249,"image":{"@id":"https:\/\/www.adlsantjosep.com\/es\/blog\/2022\/11\/22\/quieres-que-tu-comercio-regale-6000e-estas-navidades\/#primaryimage"},"thumbnailUrl":"https:\/\/www.adlsantjosep.com\/wp-content\/uploads\/2022\/11\/2183661.jpg","articleSection":["CAMPA\u00d1AS","COMERCIO"],"inLanguage":"es"},{"@type":"WebPage","@id":"https:\/\/www.adlsantjosep.com\/es\/blog\/2022\/11\/22\/quieres-que-tu-comercio-regale-6000e-estas-navidades\/","url":"https:\/\/www.adlsantjosep.com\/es\/blog\/2022\/11\/22\/quieres-que-tu-comercio-regale-6000e-estas-navidades\/","name":"El viernes empezar\u00e1 la campa\u00f1a de los 6.000 euros de PIMEEF","isPartOf":{"@id":"https:\/\/www.adlsantjosep.com\/#website"},"primaryImageOfPage":{"@id":"https:\/\/www.adlsantjosep.com\/es\/blog\/2022\/11\/22\/quieres-que-tu-comercio-regale-6000e-estas-navidades\/#primaryimage"},"image":{"@id":"https:\/\/www.adlsantjosep.com\/es\/blog\/2022\/11\/22\/quieres-que-tu-comercio-regale-6000e-estas-navidades\/#primaryimage"},"thumbnailUrl":"https:\/\/www.adlsantjosep.com\/wp-content\/uploads\/2022\/11\/2183661.jpg","datePublished":"2022-11-22T07:02:32+00:00","dateModified":"2025-11-24T12:43:22+00:00","author":{"@id":"https:\/\/www.adlsantjosep.com\/#\/schema\/person\/27c50b0df0371db726272a869a01b959"},"breadcrumb":{"@id":"https:\/\/www.adlsantjosep.com\/es\/blog\/2022\/11\/22\/quieres-que-tu-comercio-regale-6000e-estas-navidades\/#breadcrumb"},"inLanguage":"es","potentialAction":[{"@type":"ReadAction","target":["https:\/\/www.adlsantjosep.com\/es\/blog\/2022\/11\/22\/quieres-que-tu-comercio-regale-6000e-estas-navidades\/"]}]},{"@type":"ImageObject","inLanguage":"es","@id":"https:\/\/www.adlsantjosep.com\/es\/blog\/2022\/11\/22\/quieres-que-tu-comercio-regale-6000e-estas-navidades\/#primaryimage","url":"https:\/\/www.adlsantjosep.com\/wp-content\/uploads\/2022\/11\/2183661.jpg","contentUrl":"https:\/\/www.adlsantjosep.com\/wp-content\/uploads\/2022\/11\/2183661.jpg","width":1500,"height":1125},{"@type":"BreadcrumbList","@id":"https:\/\/www.adlsantjosep.com\/es\/blog\/2022\/11\/22\/quieres-que-tu-comercio-regale-6000e-estas-navidades\/#breadcrumb","itemListElement":[{"@type":"ListItem","position":1,"name":"Portada","item":"https:\/\/www.adlsantjosep.com\/es\/"},{"@type":"ListItem","position":2,"name":"El viernes empezar\u00e1 la campa\u00f1a de los 6.000 euros de PIMEEF"}]},{"@type":"WebSite","@id":"https:\/\/www.adlsantjosep.com\/#website","url":"https:\/\/www.adlsantjosep.com\/","name":"Ag\u00e8ncia de Desenvolupament Local de Sant Josep de sa Talaia","description":"Agencia de Desarrollo Local","potentialAction":[{"@type":"SearchAction","target":{"@type":"EntryPoint","urlTemplate":"https:\/\/www.adlsantjosep.com\/?s={search_term_string}"},"query-input":{"@type":"PropertyValueSpecification","valueRequired":true,"valueName":"search_term_string"}}],"inLanguage":"es"},{"@type":"Person","@id":"https:\/\/www.adlsantjosep.com\/#\/schema\/person\/27c50b0df0371db726272a869a01b959","name":"We Love Media","image":{"@type":"ImageObject","inLanguage":"es","@id":"https:\/\/www.adlsantjosep.com\/#\/schema\/person\/image\/","url":"https:\/\/secure.gravatar.com\/avatar\/df41328486a8eac99220a87521f321da45bd04d5a0e572431333c3df04ff20d4?s=96&d=mm&r=g","contentUrl":"https:\/\/secure.gravatar.com\/avatar\/df41328486a8eac99220a87521f321da45bd04d5a0e572431333c3df04ff20d4?s=96&d=mm&r=g","caption":"We Love Media"}}]}},"_links":{"self":[{"href":"https:\/\/www.adlsantjosep.com\/es\/wp-json\/wp\/v2\/posts\/5091","targetHints":{"allow":["GET"]}}],"collection":[{"href":"https:\/\/www.adlsantjosep.com\/es\/wp-json\/wp\/v2\/posts"}],"about":[{"href":"https:\/\/www.adlsantjosep.com\/es\/wp-json\/wp\/v2\/types\/post"}],"author":[{"embeddable":true,"href":"https:\/\/www.adlsantjosep.com\/es\/wp-json\/wp\/v2\/users\/18"}],"replies":[{"embeddable":true,"href":"https:\/\/www.adlsantjosep.com\/es\/wp-json\/wp\/v2\/comments?post=5091"}],"version-history":[{"count":0,"href":"https:\/\/www.adlsantjosep.com\/es\/wp-json\/wp\/v2\/posts\/5091\/revisions"}],"wp:featuredmedia":[{"embeddable":true,"href":"https:\/\/www.adlsantjosep.com\/es\/wp-json\/wp\/v2\/media\/7537"}],"wp:attachment":[{"href":"https:\/\/www.adlsantjosep.com\/es\/wp-json\/wp\/v2\/media?parent=5091"}],"wp:term":[{"taxonomy":"category","embeddable":true,"href":"https:\/\/www.adlsantjosep.com\/es\/wp-json\/wp\/v2\/categories?post=5091"},{"taxonomy":"post_tag","embeddable":true,"href":"https:\/\/www.adlsantjosep.com\/es\/wp-json\/wp\/v2\/tags?post=5091"}],"curies":[{"name":"wp","href":"https:\/\/api.w.org\/{rel}","templated":true}]}}