{"id":6457,"date":"2021-11-22T09:55:28","date_gmt":"2021-11-22T08:55:28","guid":{"rendered":"https:\/\/www.adlsantjosep.com\/blog\/2021\/11\/22\/concurs-daparadorisme-nadalenc-2021\/"},"modified":"2025-11-24T13:43:24","modified_gmt":"2025-11-24T12:43:24","slug":"concurs-daparadorisme-nadalenc-2021","status":"publish","type":"post","link":"https:\/\/www.adlsantjosep.com\/es\/blog\/2021\/11\/22\/concurs-daparadorisme-nadalenc-2021\/","title":{"rendered":"Concurso de Escaparatismo Navide\u00f1o 2021"},"content":{"rendered":"<p><strong>HACER QUE TU COMERCIO BRILLE TIENE PREMIO!<\/strong><\/p>\n<p>El Ayuntamiento de Sant Josep de sa Talaia participa en el Concurso de Escaparates y Decoraci\u00f3n Navide\u00f1a, organizado por la <a href=\"http:\/\/www.camaraibizayformentera.com\/\" data-saferedirecturl=\"https:\/\/www.google.com\/url?q=http:\/\/www.camaraibizayformentera.com\/&amp;source=gmail&amp;ust=1637654291401000&amp;usg=AOvVaw3gP_jm53MTrcQbehWud-gz\">Cambra de Comer\u00e7 d\u2019Eivissa i Formentera<\/a> con el fin de crear un ambiente propicio para las compras de estas fechas tan se\u00f1aladas y para incentivar las compras dentro del municipio y potenciar el ambiente navide\u00f1o por las calles de las diferentes localidades.<\/p>\n<p>Podr\u00e1n participar en el Concurso de Escaparates de Navidad todos los establecimientos dedicados a actividad empresarial, industrial, comercial o de servicios. Podr\u00e1n participar incluso aquellos que no tienen escaparate f\u00edsico.<\/p>\n<p><strong>La inscripci\u00f3n al concurso es gratuita, simplemente tendr\u00e1n que rellenar el formulario en l\u00ednea ( <\/strong><strong><a href=\"https:\/\/docs.google.com\/forms\/d\/e\/1FAIpQLSf__-YgN0gVACFt_4LdJ5Co16uViet6asd2kV4LwI63iP41ng\/viewform\" data-saferedirecturl=\"https:\/\/www.google.com\/url?q=https:\/\/docs.google.com\/forms\/d\/e\/1FAIpQLSf__-YgN0gVACFt_4LdJ5Co16uViet6asd2kV4LwI63iP41ng\/viewform&amp;source=gmail&amp;ust=1637654291401000&amp;usg=AOvVaw0BfC5U1PVHj0ognAIwRsFA\">https:\/\/docs.google.com\/forms\/d\/e\/1FAIpQLSf__-YgN0gVACFt_4LdJ5Co16uViet6asd2kV4LwI63iP41ng\/viewform<\/a><\/strong><strong> )\u00a0<\/strong>y enviar una imagen del escaparate con el cual se concursa por correo electr\u00f3nico <a href=\"mailto:camaraibiza@gmail.com\">camaraibiza@gmail.com<\/a> \u00a0o por WhatsApp <strong>608 86 28 31<\/strong>, que ser\u00e1 publicada y promocionada en las redes por la C\u00e1mara de Comercio.<\/p>\n<p><strong>El Ayuntamiento de Sant Josep de sa Talaia, repartir\u00e1 200 \u20ac por cada una de las siguientes categor\u00edas:<\/strong><\/p>\n<p>Premio al esp\u00edritu navide\u00f1o<br \/>\nPremio a la creatividad<br \/>\nPremio Eco<\/p>\n<p>Con el fin de estimular la econom\u00eda circular en nuestro tejido empresarial, los premios consistir\u00e1n en 4 vales por valor de 50 euros canjeables por productos de los establecimientos del municipio que haya participado en el Concurso (m\u00e1ximo 2 vales del mismo establecimiento).<\/p>\n<p><strong>BASES:<\/strong> <a href=\"https:\/\/sites.google.com\/view\/cocinibizaaparadorisme2021\/inicio?authuser=1\" data-saferedirecturl=\"https:\/\/www.google.com\/url?q=https:\/\/sites.google.com\/view\/cocinibizaaparadorisme2021\/inicio?authuser%3D1&amp;source=gmail&amp;ust=1637654291401000&amp;usg=AOvVaw1S3g-H7ts_12VHHMyqT6jh\">https:\/\/sites.google.com\/view\/cocinibizaaparadorisme2021\/inicio?authuser=1<\/a><\/p>\n<p><strong>Para m\u00e1s informaci\u00f3n:<\/strong>\u00a0<a href=\"mailto:comerc@santjosep.org\">comerc@santjosep.org\u00a0<\/a>o\u00a0<a href=\"mailto:camaraibiza@gmail.com\">camaraibiza@gmail.com<\/a><\/p>\n<p><strong>Te invitamos a participar!<\/strong><\/p>\n","protected":false},"excerpt":{"rendered":"<p>HACER QUE TU COMERCIO BRILLE TIENE PREMIO! El Ayuntamiento de Sant Josep de sa Talaia participa en el Concurso de Escaparates y Decoraci\u00f3n Navide\u00f1a, organizado por la Cambra de Comer\u00e7 [&hellip;]<\/p>\n","protected":false},"author":18,"featured_media":6455,"comment_status":"closed","ping_status":"open","sticky":false,"template":"","format":"standard","meta":{"footnotes":""},"categories":[261],"tags":[],"class_list":["post-6457","post","type-post","status-publish","format-standard","has-post-thumbnail","category-campanas-es"],"yoast_head":"<!-- This site is optimized with the Yoast SEO plugin v27.1.1 - https:\/\/yoast.com\/product\/yoast-seo-wordpress\/ -->\n<title>Concurso de Escaparatismo Navide\u00f1o 2021<\/title>\n<meta name=\"robots\" content=\"index, follow, max-snippet:-1, max-image-preview:large, max-video-preview:-1\" \/>\n<link rel=\"canonical\" href=\"https:\/\/www.adlsantjosep.com\/es\/blog\/2021\/11\/22\/concurs-daparadorisme-nadalenc-2021\/\" \/>\n<meta property=\"og:locale\" content=\"es_ES\" \/>\n<meta property=\"og:type\" content=\"article\" \/>\n<meta property=\"og:title\" content=\"Concurso de Escaparatismo Navide\u00f1o 2021\" \/>\n<meta property=\"og:description\" content=\"HACER QUE TU COMERCIO BRILLE TIENE PREMIO! El Ayuntamiento de Sant Josep de sa Talaia participa en el Concurso de Escaparates y Decoraci\u00f3n Navide\u00f1a, organizado por la Cambra de Comer\u00e7 [&hellip;]\" \/>\n<meta property=\"og:url\" content=\"https:\/\/www.adlsantjosep.com\/es\/blog\/2021\/11\/22\/concurs-daparadorisme-nadalenc-2021\/\" \/>\n<meta property=\"og:site_name\" content=\"Agencia de Desarrollo Local de Sant Josep de sa Talaia\" \/>\n<meta property=\"article:publisher\" content=\"https:\/\/www.facebook.com\/adlsantjosep\/\" \/>\n<meta property=\"article:published_time\" content=\"2021-11-22T08:55:28+00:00\" \/>\n<meta property=\"article:modified_time\" content=\"2025-11-24T12:43:24+00:00\" \/>\n<meta property=\"og:image\" content=\"https:\/\/www.adlsantjosep.com\/wp-content\/uploads\/2021\/11\/CCIF_Aparadorisme-Nadalenc_FB.png\" \/>\n\t<meta property=\"og:image:width\" content=\"940\" \/>\n\t<meta property=\"og:image:height\" content=\"788\" \/>\n\t<meta property=\"og:image:type\" content=\"image\/png\" \/>\n<meta name=\"author\" content=\"We Love Media\" \/>\n<meta name=\"twitter:card\" content=\"summary_large_image\" \/>\n<meta name=\"twitter:creator\" content=\"@adlsantjosep\" \/>\n<meta name=\"twitter:site\" content=\"@adlsantjosep\" \/>\n<meta name=\"twitter:label1\" content=\"Escrito por\" \/>\n\t<meta name=\"twitter:data1\" content=\"We Love Media\" \/>\n\t<meta name=\"twitter:label2\" content=\"Tiempo de lectura\" \/>\n\t<meta name=\"twitter:data2\" content=\"1 minuto\" \/>\n<script type=\"application\/ld+json\" class=\"yoast-schema-graph\">{\"@context\":\"https:\/\/schema.org\",\"@graph\":[{\"@type\":\"Article\",\"@id\":\"https:\/\/www.adlsantjosep.com\/es\/blog\/2021\/11\/22\/concurs-daparadorisme-nadalenc-2021\/#article\",\"isPartOf\":{\"@id\":\"https:\/\/www.adlsantjosep.com\/es\/blog\/2021\/11\/22\/concurs-daparadorisme-nadalenc-2021\/\"},\"author\":{\"name\":\"We Love Media\",\"@id\":\"https:\/\/www.adlsantjosep.com\/#\/schema\/person\/27c50b0df0371db726272a869a01b959\"},\"headline\":\"Concurso de Escaparatismo Navide\u00f1o 2021\",\"datePublished\":\"2021-11-22T08:55:28+00:00\",\"dateModified\":\"2025-11-24T12:43:24+00:00\",\"mainEntityOfPage\":{\"@id\":\"https:\/\/www.adlsantjosep.com\/es\/blog\/2021\/11\/22\/concurs-daparadorisme-nadalenc-2021\/\"},\"wordCount\":280,\"image\":{\"@id\":\"https:\/\/www.adlsantjosep.com\/es\/blog\/2021\/11\/22\/concurs-daparadorisme-nadalenc-2021\/#primaryimage\"},\"thumbnailUrl\":\"https:\/\/www.adlsantjosep.com\/wp-content\/uploads\/2021\/11\/CCIF_Aparadorisme-Nadalenc_FB.png\",\"articleSection\":[\"CAMPA\u00d1AS\"],\"inLanguage\":\"es\"},{\"@type\":\"WebPage\",\"@id\":\"https:\/\/www.adlsantjosep.com\/es\/blog\/2021\/11\/22\/concurs-daparadorisme-nadalenc-2021\/\",\"url\":\"https:\/\/www.adlsantjosep.com\/es\/blog\/2021\/11\/22\/concurs-daparadorisme-nadalenc-2021\/\",\"name\":\"Concurso de Escaparatismo Navide\u00f1o 2021\",\"isPartOf\":{\"@id\":\"https:\/\/www.adlsantjosep.com\/#website\"},\"primaryImageOfPage\":{\"@id\":\"https:\/\/www.adlsantjosep.com\/es\/blog\/2021\/11\/22\/concurs-daparadorisme-nadalenc-2021\/#primaryimage\"},\"image\":{\"@id\":\"https:\/\/www.adlsantjosep.com\/es\/blog\/2021\/11\/22\/concurs-daparadorisme-nadalenc-2021\/#primaryimage\"},\"thumbnailUrl\":\"https:\/\/www.adlsantjosep.com\/wp-content\/uploads\/2021\/11\/CCIF_Aparadorisme-Nadalenc_FB.png\",\"datePublished\":\"2021-11-22T08:55:28+00:00\",\"dateModified\":\"2025-11-24T12:43:24+00:00\",\"author\":{\"@id\":\"https:\/\/www.adlsantjosep.com\/#\/schema\/person\/27c50b0df0371db726272a869a01b959\"},\"breadcrumb\":{\"@id\":\"https:\/\/www.adlsantjosep.com\/es\/blog\/2021\/11\/22\/concurs-daparadorisme-nadalenc-2021\/#breadcrumb\"},\"inLanguage\":\"es\",\"potentialAction\":[{\"@type\":\"ReadAction\",\"target\":[\"https:\/\/www.adlsantjosep.com\/es\/blog\/2021\/11\/22\/concurs-daparadorisme-nadalenc-2021\/\"]}]},{\"@type\":\"ImageObject\",\"inLanguage\":\"es\",\"@id\":\"https:\/\/www.adlsantjosep.com\/es\/blog\/2021\/11\/22\/concurs-daparadorisme-nadalenc-2021\/#primaryimage\",\"url\":\"https:\/\/www.adlsantjosep.com\/wp-content\/uploads\/2021\/11\/CCIF_Aparadorisme-Nadalenc_FB.png\",\"contentUrl\":\"https:\/\/www.adlsantjosep.com\/wp-content\/uploads\/2021\/11\/CCIF_Aparadorisme-Nadalenc_FB.png\",\"width\":940,\"height\":788},{\"@type\":\"BreadcrumbList\",\"@id\":\"https:\/\/www.adlsantjosep.com\/es\/blog\/2021\/11\/22\/concurs-daparadorisme-nadalenc-2021\/#breadcrumb\",\"itemListElement\":[{\"@type\":\"ListItem\",\"position\":1,\"name\":\"Portada\",\"item\":\"https:\/\/www.adlsantjosep.com\/es\/\"},{\"@type\":\"ListItem\",\"position\":2,\"name\":\"Concurso de Escaparatismo Navide\u00f1o 2021\"}]},{\"@type\":\"WebSite\",\"@id\":\"https:\/\/www.adlsantjosep.com\/#website\",\"url\":\"https:\/\/www.adlsantjosep.com\/\",\"name\":\"Ag\u00e8ncia de Desenvolupament Local de Sant Josep de sa Talaia\",\"description\":\"Agencia de Desarrollo Local\",\"potentialAction\":[{\"@type\":\"SearchAction\",\"target\":{\"@type\":\"EntryPoint\",\"urlTemplate\":\"https:\/\/www.adlsantjosep.com\/?s={search_term_string}\"},\"query-input\":{\"@type\":\"PropertyValueSpecification\",\"valueRequired\":true,\"valueName\":\"search_term_string\"}}],\"inLanguage\":\"es\"},{\"@type\":\"Person\",\"@id\":\"https:\/\/www.adlsantjosep.com\/#\/schema\/person\/27c50b0df0371db726272a869a01b959\",\"name\":\"We Love Media\",\"image\":{\"@type\":\"ImageObject\",\"inLanguage\":\"es\",\"@id\":\"https:\/\/www.adlsantjosep.com\/#\/schema\/person\/image\/\",\"url\":\"https:\/\/secure.gravatar.com\/avatar\/df41328486a8eac99220a87521f321da45bd04d5a0e572431333c3df04ff20d4?s=96&d=mm&r=g\",\"contentUrl\":\"https:\/\/secure.gravatar.com\/avatar\/df41328486a8eac99220a87521f321da45bd04d5a0e572431333c3df04ff20d4?s=96&d=mm&r=g\",\"caption\":\"We Love Media\"}}]}<\/script>\n<!-- \/ Yoast SEO plugin. -->","yoast_head_json":{"title":"Concurso de Escaparatismo Navide\u00f1o 2021","robots":{"index":"index","follow":"follow","max-snippet":"max-snippet:-1","max-image-preview":"max-image-preview:large","max-video-preview":"max-video-preview:-1"},"canonical":"https:\/\/www.adlsantjosep.com\/es\/blog\/2021\/11\/22\/concurs-daparadorisme-nadalenc-2021\/","og_locale":"es_ES","og_type":"article","og_title":"Concurso de Escaparatismo Navide\u00f1o 2021","og_description":"HACER QUE TU COMERCIO BRILLE TIENE PREMIO! El Ayuntamiento de Sant Josep de sa Talaia participa en el Concurso de Escaparates y Decoraci\u00f3n Navide\u00f1a, organizado por la Cambra de Comer\u00e7 [&hellip;]","og_url":"https:\/\/www.adlsantjosep.com\/es\/blog\/2021\/11\/22\/concurs-daparadorisme-nadalenc-2021\/","og_site_name":"Agencia de Desarrollo Local de Sant Josep de sa Talaia","article_publisher":"https:\/\/www.facebook.com\/adlsantjosep\/","article_published_time":"2021-11-22T08:55:28+00:00","article_modified_time":"2025-11-24T12:43:24+00:00","og_image":[{"width":940,"height":788,"url":"https:\/\/www.adlsantjosep.com\/wp-content\/uploads\/2021\/11\/CCIF_Aparadorisme-Nadalenc_FB.png","type":"image\/png"}],"author":"We Love Media","twitter_card":"summary_large_image","twitter_creator":"@adlsantjosep","twitter_site":"@adlsantjosep","twitter_misc":{"Escrito por":"We Love Media","Tiempo de lectura":"1 minuto"},"schema":{"@context":"https:\/\/schema.org","@graph":[{"@type":"Article","@id":"https:\/\/www.adlsantjosep.com\/es\/blog\/2021\/11\/22\/concurs-daparadorisme-nadalenc-2021\/#article","isPartOf":{"@id":"https:\/\/www.adlsantjosep.com\/es\/blog\/2021\/11\/22\/concurs-daparadorisme-nadalenc-2021\/"},"author":{"name":"We Love Media","@id":"https:\/\/www.adlsantjosep.com\/#\/schema\/person\/27c50b0df0371db726272a869a01b959"},"headline":"Concurso de Escaparatismo Navide\u00f1o 2021","datePublished":"2021-11-22T08:55:28+00:00","dateModified":"2025-11-24T12:43:24+00:00","mainEntityOfPage":{"@id":"https:\/\/www.adlsantjosep.com\/es\/blog\/2021\/11\/22\/concurs-daparadorisme-nadalenc-2021\/"},"wordCount":280,"image":{"@id":"https:\/\/www.adlsantjosep.com\/es\/blog\/2021\/11\/22\/concurs-daparadorisme-nadalenc-2021\/#primaryimage"},"thumbnailUrl":"https:\/\/www.adlsantjosep.com\/wp-content\/uploads\/2021\/11\/CCIF_Aparadorisme-Nadalenc_FB.png","articleSection":["CAMPA\u00d1AS"],"inLanguage":"es"},{"@type":"WebPage","@id":"https:\/\/www.adlsantjosep.com\/es\/blog\/2021\/11\/22\/concurs-daparadorisme-nadalenc-2021\/","url":"https:\/\/www.adlsantjosep.com\/es\/blog\/2021\/11\/22\/concurs-daparadorisme-nadalenc-2021\/","name":"Concurso de Escaparatismo Navide\u00f1o 2021","isPartOf":{"@id":"https:\/\/www.adlsantjosep.com\/#website"},"primaryImageOfPage":{"@id":"https:\/\/www.adlsantjosep.com\/es\/blog\/2021\/11\/22\/concurs-daparadorisme-nadalenc-2021\/#primaryimage"},"image":{"@id":"https:\/\/www.adlsantjosep.com\/es\/blog\/2021\/11\/22\/concurs-daparadorisme-nadalenc-2021\/#primaryimage"},"thumbnailUrl":"https:\/\/www.adlsantjosep.com\/wp-content\/uploads\/2021\/11\/CCIF_Aparadorisme-Nadalenc_FB.png","datePublished":"2021-11-22T08:55:28+00:00","dateModified":"2025-11-24T12:43:24+00:00","author":{"@id":"https:\/\/www.adlsantjosep.com\/#\/schema\/person\/27c50b0df0371db726272a869a01b959"},"breadcrumb":{"@id":"https:\/\/www.adlsantjosep.com\/es\/blog\/2021\/11\/22\/concurs-daparadorisme-nadalenc-2021\/#breadcrumb"},"inLanguage":"es","potentialAction":[{"@type":"ReadAction","target":["https:\/\/www.adlsantjosep.com\/es\/blog\/2021\/11\/22\/concurs-daparadorisme-nadalenc-2021\/"]}]},{"@type":"ImageObject","inLanguage":"es","@id":"https:\/\/www.adlsantjosep.com\/es\/blog\/2021\/11\/22\/concurs-daparadorisme-nadalenc-2021\/#primaryimage","url":"https:\/\/www.adlsantjosep.com\/wp-content\/uploads\/2021\/11\/CCIF_Aparadorisme-Nadalenc_FB.png","contentUrl":"https:\/\/www.adlsantjosep.com\/wp-content\/uploads\/2021\/11\/CCIF_Aparadorisme-Nadalenc_FB.png","width":940,"height":788},{"@type":"BreadcrumbList","@id":"https:\/\/www.adlsantjosep.com\/es\/blog\/2021\/11\/22\/concurs-daparadorisme-nadalenc-2021\/#breadcrumb","itemListElement":[{"@type":"ListItem","position":1,"name":"Portada","item":"https:\/\/www.adlsantjosep.com\/es\/"},{"@type":"ListItem","position":2,"name":"Concurso de Escaparatismo Navide\u00f1o 2021"}]},{"@type":"WebSite","@id":"https:\/\/www.adlsantjosep.com\/#website","url":"https:\/\/www.adlsantjosep.com\/","name":"Ag\u00e8ncia de Desenvolupament Local de Sant Josep de sa Talaia","description":"Agencia de Desarrollo Local","potentialAction":[{"@type":"SearchAction","target":{"@type":"EntryPoint","urlTemplate":"https:\/\/www.adlsantjosep.com\/?s={search_term_string}"},"query-input":{"@type":"PropertyValueSpecification","valueRequired":true,"valueName":"search_term_string"}}],"inLanguage":"es"},{"@type":"Person","@id":"https:\/\/www.adlsantjosep.com\/#\/schema\/person\/27c50b0df0371db726272a869a01b959","name":"We Love Media","image":{"@type":"ImageObject","inLanguage":"es","@id":"https:\/\/www.adlsantjosep.com\/#\/schema\/person\/image\/","url":"https:\/\/secure.gravatar.com\/avatar\/df41328486a8eac99220a87521f321da45bd04d5a0e572431333c3df04ff20d4?s=96&d=mm&r=g","contentUrl":"https:\/\/secure.gravatar.com\/avatar\/df41328486a8eac99220a87521f321da45bd04d5a0e572431333c3df04ff20d4?s=96&d=mm&r=g","caption":"We Love Media"}}]}},"_links":{"self":[{"href":"https:\/\/www.adlsantjosep.com\/es\/wp-json\/wp\/v2\/posts\/6457","targetHints":{"allow":["GET"]}}],"collection":[{"href":"https:\/\/www.adlsantjosep.com\/es\/wp-json\/wp\/v2\/posts"}],"about":[{"href":"https:\/\/www.adlsantjosep.com\/es\/wp-json\/wp\/v2\/types\/post"}],"author":[{"embeddable":true,"href":"https:\/\/www.adlsantjosep.com\/es\/wp-json\/wp\/v2\/users\/18"}],"replies":[{"embeddable":true,"href":"https:\/\/www.adlsantjosep.com\/es\/wp-json\/wp\/v2\/comments?post=6457"}],"version-history":[{"count":0,"href":"https:\/\/www.adlsantjosep.com\/es\/wp-json\/wp\/v2\/posts\/6457\/revisions"}],"wp:featuredmedia":[{"embeddable":true,"href":"https:\/\/www.adlsantjosep.com\/es\/wp-json\/wp\/v2\/media\/6455"}],"wp:attachment":[{"href":"https:\/\/www.adlsantjosep.com\/es\/wp-json\/wp\/v2\/media?parent=6457"}],"wp:term":[{"taxonomy":"category","embeddable":true,"href":"https:\/\/www.adlsantjosep.com\/es\/wp-json\/wp\/v2\/categories?post=6457"},{"taxonomy":"post_tag","embeddable":true,"href":"https:\/\/www.adlsantjosep.com\/es\/wp-json\/wp\/v2\/tags?post=6457"}],"curies":[{"name":"wp","href":"https:\/\/api.w.org\/{rel}","templated":true}]}}