{"id":7749,"date":"2023-02-27T08:38:13","date_gmt":"2023-02-27T07:38:13","guid":{"rendered":"https:\/\/www.adlsantjosep.com\/blog\/2023\/02\/27\/lespai-accelera-sadreca-pimes-illes-balears-que-vulguin-iniciar-projectes-drdi\/"},"modified":"2025-11-24T13:42:51","modified_gmt":"2025-11-24T12:42:51","slug":"lespai-accelera-sadreca-pimes-illes-balears-que-vulguin-iniciar-projectes-drdi","status":"publish","type":"post","link":"https:\/\/www.adlsantjosep.com\/es\/blog\/2023\/02\/27\/lespai-accelera-sadreca-pimes-illes-balears-que-vulguin-iniciar-projectes-drdi\/","title":{"rendered":"El Espacio Acelera se dirige a PIMES"},"content":{"rendered":"<h3>El Espacio Acelera se dirige a PIMES de las Islas Baleares que quieran iniciar proyectos de I+D+I para desarrollar nuevos productos, servicios o procesos productivos y que se puedan beneficiar del conocimiento existente en la comunidad universitaria.<\/h3>\n<div class=\"text-justify pb-lg fue-texto-html\">\n<p>l objetivo de la convocatoria, es <strong>financiar parcialmente proyectos empresariales de I+D+I mediante la colaboraci\u00f3n de investigadores de la UIB<\/strong>, a trav\u00e9s de actividades de consultor\u00eda cient\u00edfica experta y\/o actividades de investigaci\u00f3n y desarrollo. De este modo, se pretende impulsar la transferencia de conocimiento generado en el \u00e1mbito universitario y ayudar a la innovaci\u00f3n del tejido empresarial desde la UIB.<\/p>\n<p>Las PYMES interesadas a participar tendr\u00e1n que presentar una propuesta de I+D+I definiendo el producto, servicio y\/o problem\u00e1tica existente que se pretende resolver, as\u00ed como las necesidades de colaboraci\u00f3n con la UIB. Aquellas propuestas admitidas participar\u00e1n en sesiones de networking con personal investigador de la UIB con el objetivo de encontrar expertos que tienen los conocimientos y disponibilidad para colaborar en su proyecto.<br \/>\nUna vez se haya identificado el equipo investigador que podr\u00eda llevar a cabo la propuesta, ser\u00e1 este que tendr\u00e1 que presentar la propuesta de colaboraci\u00f3n con las tareas, duraci\u00f3n y presupuesto correspondiente.<\/p>\n<p>La Comisi\u00f3n Evaluadora valorar\u00e1 las propuestas presentadas por parte de las PYMES y las propuestas de colaboraci\u00f3n por parte del equipo investigador y decidir\u00e1 cu\u00e1les ser\u00e1n los proyectos que podr\u00e1n disfrutar de consultor\u00eda cient\u00edfica experta o financiaci\u00f3n para llevar a cabo actividades de I+D por parte de investigadores de la UIB.<\/p>\n<p>Para complementarlo, se proporcionar\u00e1n una serie de c\u00e1psulas formativas con tem\u00e1ticas relacionadas con la innovaci\u00f3n. Para m\u00e1s informaci\u00f3n <a href=\"https:\/\/fueib.org\/es\/innova\/649\/espacio-accelera\">https:\/\/fueib.org\/es\/innova\/649\/espacio-accelera<\/a><\/p>\n<h3><em>En caso de dudas puede contactar con la OTRI enviando un correo electr\u00f3nico a<strong> <a href=\"mailto:accelera@fueib.org\">accelera@fueib.org<\/a><\/strong>.<\/em><\/h3>\n<\/div>\n","protected":false},"excerpt":{"rendered":"<p>El Espacio Acelera se dirige a PIMES de las Islas Baleares que quieran iniciar proyectos de I+D+I para desarrollar nuevos productos, servicios o procesos productivos y que se puedan beneficiar del conocimiento existente en la comunidad universitaria.<\/p>\n","protected":false},"author":18,"featured_media":7746,"comment_status":"closed","ping_status":"open","sticky":false,"template":"","format":"standard","meta":{"footnotes":""},"categories":[248,242],"tags":[],"class_list":["post-7749","post","type-post","status-publish","format-standard","has-post-thumbnail","category-emprender","category-empresa-es"],"yoast_head":"<!-- This site is optimized with the Yoast SEO plugin v27.1.1 - https:\/\/yoast.com\/product\/yoast-seo-wordpress\/ -->\n<title>El Espacio Acelera se dirige a PIMES<\/title>\n<meta name=\"robots\" content=\"index, follow, max-snippet:-1, max-image-preview:large, max-video-preview:-1\" \/>\n<link rel=\"canonical\" href=\"https:\/\/www.adlsantjosep.com\/es\/blog\/2023\/02\/27\/lespai-accelera-sadreca-pimes-illes-balears-que-vulguin-iniciar-projectes-drdi\/\" \/>\n<meta property=\"og:locale\" content=\"es_ES\" \/>\n<meta property=\"og:type\" content=\"article\" \/>\n<meta property=\"og:title\" content=\"El Espacio Acelera se dirige a PIMES\" \/>\n<meta property=\"og:description\" content=\"El Espacio Acelera se dirige a PIMES de las Islas Baleares que quieran iniciar proyectos de I+D+I para desarrollar nuevos productos, servicios o procesos productivos y que se puedan beneficiar del conocimiento existente en la comunidad universitaria.\" \/>\n<meta property=\"og:url\" content=\"https:\/\/www.adlsantjosep.com\/es\/blog\/2023\/02\/27\/lespai-accelera-sadreca-pimes-illes-balears-que-vulguin-iniciar-projectes-drdi\/\" \/>\n<meta property=\"og:site_name\" content=\"Agencia de Desarrollo Local de Sant Josep de sa Talaia\" \/>\n<meta property=\"article:publisher\" content=\"https:\/\/www.facebook.com\/adlsantjosep\/\" \/>\n<meta property=\"article:published_time\" content=\"2023-02-27T07:38:13+00:00\" \/>\n<meta property=\"article:modified_time\" content=\"2025-11-24T12:42:51+00:00\" \/>\n<meta property=\"og:image\" content=\"https:\/\/www.adlsantjosep.com\/wp-content\/uploads\/2023\/02\/Captura-de-pantalla-2023-02-27-a-las-8.41.41.png\" \/>\n\t<meta property=\"og:image:width\" content=\"1191\" \/>\n\t<meta property=\"og:image:height\" content=\"585\" \/>\n\t<meta property=\"og:image:type\" content=\"image\/png\" \/>\n<meta name=\"author\" content=\"We Love Media\" \/>\n<meta name=\"twitter:card\" content=\"summary_large_image\" \/>\n<meta name=\"twitter:creator\" content=\"@adlsantjosep\" \/>\n<meta name=\"twitter:site\" content=\"@adlsantjosep\" \/>\n<meta name=\"twitter:label1\" content=\"Escrito por\" \/>\n\t<meta name=\"twitter:data1\" content=\"We Love Media\" \/>\n\t<meta name=\"twitter:label2\" content=\"Tiempo de lectura\" \/>\n\t<meta name=\"twitter:data2\" content=\"2 minutos\" \/>\n<script type=\"application\/ld+json\" class=\"yoast-schema-graph\">{\"@context\":\"https:\/\/schema.org\",\"@graph\":[{\"@type\":\"Article\",\"@id\":\"https:\/\/www.adlsantjosep.com\/es\/blog\/2023\/02\/27\/lespai-accelera-sadreca-pimes-illes-balears-que-vulguin-iniciar-projectes-drdi\/#article\",\"isPartOf\":{\"@id\":\"https:\/\/www.adlsantjosep.com\/es\/blog\/2023\/02\/27\/lespai-accelera-sadreca-pimes-illes-balears-que-vulguin-iniciar-projectes-drdi\/\"},\"author\":{\"name\":\"We Love Media\",\"@id\":\"https:\/\/www.adlsantjosep.com\/#\/schema\/person\/27c50b0df0371db726272a869a01b959\"},\"headline\":\"El Espacio Acelera se dirige a PIMES\",\"datePublished\":\"2023-02-27T07:38:13+00:00\",\"dateModified\":\"2025-11-24T12:42:51+00:00\",\"mainEntityOfPage\":{\"@id\":\"https:\/\/www.adlsantjosep.com\/es\/blog\/2023\/02\/27\/lespai-accelera-sadreca-pimes-illes-balears-que-vulguin-iniciar-projectes-drdi\/\"},\"wordCount\":328,\"image\":{\"@id\":\"https:\/\/www.adlsantjosep.com\/es\/blog\/2023\/02\/27\/lespai-accelera-sadreca-pimes-illes-balears-que-vulguin-iniciar-projectes-drdi\/#primaryimage\"},\"thumbnailUrl\":\"https:\/\/www.adlsantjosep.com\/wp-content\/uploads\/2023\/02\/Captura-de-pantalla-2023-02-27-a-las-8.41.41.png\",\"articleSection\":[\"EMPRENDER\",\"EMPRESA\"],\"inLanguage\":\"es\"},{\"@type\":\"WebPage\",\"@id\":\"https:\/\/www.adlsantjosep.com\/es\/blog\/2023\/02\/27\/lespai-accelera-sadreca-pimes-illes-balears-que-vulguin-iniciar-projectes-drdi\/\",\"url\":\"https:\/\/www.adlsantjosep.com\/es\/blog\/2023\/02\/27\/lespai-accelera-sadreca-pimes-illes-balears-que-vulguin-iniciar-projectes-drdi\/\",\"name\":\"El Espacio Acelera se dirige a PIMES\",\"isPartOf\":{\"@id\":\"https:\/\/www.adlsantjosep.com\/#website\"},\"primaryImageOfPage\":{\"@id\":\"https:\/\/www.adlsantjosep.com\/es\/blog\/2023\/02\/27\/lespai-accelera-sadreca-pimes-illes-balears-que-vulguin-iniciar-projectes-drdi\/#primaryimage\"},\"image\":{\"@id\":\"https:\/\/www.adlsantjosep.com\/es\/blog\/2023\/02\/27\/lespai-accelera-sadreca-pimes-illes-balears-que-vulguin-iniciar-projectes-drdi\/#primaryimage\"},\"thumbnailUrl\":\"https:\/\/www.adlsantjosep.com\/wp-content\/uploads\/2023\/02\/Captura-de-pantalla-2023-02-27-a-las-8.41.41.png\",\"datePublished\":\"2023-02-27T07:38:13+00:00\",\"dateModified\":\"2025-11-24T12:42:51+00:00\",\"author\":{\"@id\":\"https:\/\/www.adlsantjosep.com\/#\/schema\/person\/27c50b0df0371db726272a869a01b959\"},\"breadcrumb\":{\"@id\":\"https:\/\/www.adlsantjosep.com\/es\/blog\/2023\/02\/27\/lespai-accelera-sadreca-pimes-illes-balears-que-vulguin-iniciar-projectes-drdi\/#breadcrumb\"},\"inLanguage\":\"es\",\"potentialAction\":[{\"@type\":\"ReadAction\",\"target\":[\"https:\/\/www.adlsantjosep.com\/es\/blog\/2023\/02\/27\/lespai-accelera-sadreca-pimes-illes-balears-que-vulguin-iniciar-projectes-drdi\/\"]}]},{\"@type\":\"ImageObject\",\"inLanguage\":\"es\",\"@id\":\"https:\/\/www.adlsantjosep.com\/es\/blog\/2023\/02\/27\/lespai-accelera-sadreca-pimes-illes-balears-que-vulguin-iniciar-projectes-drdi\/#primaryimage\",\"url\":\"https:\/\/www.adlsantjosep.com\/wp-content\/uploads\/2023\/02\/Captura-de-pantalla-2023-02-27-a-las-8.41.41.png\",\"contentUrl\":\"https:\/\/www.adlsantjosep.com\/wp-content\/uploads\/2023\/02\/Captura-de-pantalla-2023-02-27-a-las-8.41.41.png\",\"width\":1191,\"height\":585},{\"@type\":\"BreadcrumbList\",\"@id\":\"https:\/\/www.adlsantjosep.com\/es\/blog\/2023\/02\/27\/lespai-accelera-sadreca-pimes-illes-balears-que-vulguin-iniciar-projectes-drdi\/#breadcrumb\",\"itemListElement\":[{\"@type\":\"ListItem\",\"position\":1,\"name\":\"Portada\",\"item\":\"https:\/\/www.adlsantjosep.com\/es\/\"},{\"@type\":\"ListItem\",\"position\":2,\"name\":\"El Espacio Acelera se dirige a PIMES\"}]},{\"@type\":\"WebSite\",\"@id\":\"https:\/\/www.adlsantjosep.com\/#website\",\"url\":\"https:\/\/www.adlsantjosep.com\/\",\"name\":\"Ag\u00e8ncia de Desenvolupament Local de Sant Josep de sa Talaia\",\"description\":\"Agencia de Desarrollo Local\",\"potentialAction\":[{\"@type\":\"SearchAction\",\"target\":{\"@type\":\"EntryPoint\",\"urlTemplate\":\"https:\/\/www.adlsantjosep.com\/?s={search_term_string}\"},\"query-input\":{\"@type\":\"PropertyValueSpecification\",\"valueRequired\":true,\"valueName\":\"search_term_string\"}}],\"inLanguage\":\"es\"},{\"@type\":\"Person\",\"@id\":\"https:\/\/www.adlsantjosep.com\/#\/schema\/person\/27c50b0df0371db726272a869a01b959\",\"name\":\"We Love Media\",\"image\":{\"@type\":\"ImageObject\",\"inLanguage\":\"es\",\"@id\":\"https:\/\/www.adlsantjosep.com\/#\/schema\/person\/image\/\",\"url\":\"https:\/\/secure.gravatar.com\/avatar\/df41328486a8eac99220a87521f321da45bd04d5a0e572431333c3df04ff20d4?s=96&d=mm&r=g\",\"contentUrl\":\"https:\/\/secure.gravatar.com\/avatar\/df41328486a8eac99220a87521f321da45bd04d5a0e572431333c3df04ff20d4?s=96&d=mm&r=g\",\"caption\":\"We Love Media\"}}]}<\/script>\n<!-- \/ Yoast SEO plugin. -->","yoast_head_json":{"title":"El Espacio Acelera se dirige a PIMES","robots":{"index":"index","follow":"follow","max-snippet":"max-snippet:-1","max-image-preview":"max-image-preview:large","max-video-preview":"max-video-preview:-1"},"canonical":"https:\/\/www.adlsantjosep.com\/es\/blog\/2023\/02\/27\/lespai-accelera-sadreca-pimes-illes-balears-que-vulguin-iniciar-projectes-drdi\/","og_locale":"es_ES","og_type":"article","og_title":"El Espacio Acelera se dirige a PIMES","og_description":"El Espacio Acelera se dirige a PIMES de las Islas Baleares que quieran iniciar proyectos de I+D+I para desarrollar nuevos productos, servicios o procesos productivos y que se puedan beneficiar del conocimiento existente en la comunidad universitaria.","og_url":"https:\/\/www.adlsantjosep.com\/es\/blog\/2023\/02\/27\/lespai-accelera-sadreca-pimes-illes-balears-que-vulguin-iniciar-projectes-drdi\/","og_site_name":"Agencia de Desarrollo Local de Sant Josep de sa Talaia","article_publisher":"https:\/\/www.facebook.com\/adlsantjosep\/","article_published_time":"2023-02-27T07:38:13+00:00","article_modified_time":"2025-11-24T12:42:51+00:00","og_image":[{"width":1191,"height":585,"url":"https:\/\/www.adlsantjosep.com\/wp-content\/uploads\/2023\/02\/Captura-de-pantalla-2023-02-27-a-las-8.41.41.png","type":"image\/png"}],"author":"We Love Media","twitter_card":"summary_large_image","twitter_creator":"@adlsantjosep","twitter_site":"@adlsantjosep","twitter_misc":{"Escrito por":"We Love Media","Tiempo de lectura":"2 minutos"},"schema":{"@context":"https:\/\/schema.org","@graph":[{"@type":"Article","@id":"https:\/\/www.adlsantjosep.com\/es\/blog\/2023\/02\/27\/lespai-accelera-sadreca-pimes-illes-balears-que-vulguin-iniciar-projectes-drdi\/#article","isPartOf":{"@id":"https:\/\/www.adlsantjosep.com\/es\/blog\/2023\/02\/27\/lespai-accelera-sadreca-pimes-illes-balears-que-vulguin-iniciar-projectes-drdi\/"},"author":{"name":"We Love Media","@id":"https:\/\/www.adlsantjosep.com\/#\/schema\/person\/27c50b0df0371db726272a869a01b959"},"headline":"El Espacio Acelera se dirige a PIMES","datePublished":"2023-02-27T07:38:13+00:00","dateModified":"2025-11-24T12:42:51+00:00","mainEntityOfPage":{"@id":"https:\/\/www.adlsantjosep.com\/es\/blog\/2023\/02\/27\/lespai-accelera-sadreca-pimes-illes-balears-que-vulguin-iniciar-projectes-drdi\/"},"wordCount":328,"image":{"@id":"https:\/\/www.adlsantjosep.com\/es\/blog\/2023\/02\/27\/lespai-accelera-sadreca-pimes-illes-balears-que-vulguin-iniciar-projectes-drdi\/#primaryimage"},"thumbnailUrl":"https:\/\/www.adlsantjosep.com\/wp-content\/uploads\/2023\/02\/Captura-de-pantalla-2023-02-27-a-las-8.41.41.png","articleSection":["EMPRENDER","EMPRESA"],"inLanguage":"es"},{"@type":"WebPage","@id":"https:\/\/www.adlsantjosep.com\/es\/blog\/2023\/02\/27\/lespai-accelera-sadreca-pimes-illes-balears-que-vulguin-iniciar-projectes-drdi\/","url":"https:\/\/www.adlsantjosep.com\/es\/blog\/2023\/02\/27\/lespai-accelera-sadreca-pimes-illes-balears-que-vulguin-iniciar-projectes-drdi\/","name":"El Espacio Acelera se dirige a PIMES","isPartOf":{"@id":"https:\/\/www.adlsantjosep.com\/#website"},"primaryImageOfPage":{"@id":"https:\/\/www.adlsantjosep.com\/es\/blog\/2023\/02\/27\/lespai-accelera-sadreca-pimes-illes-balears-que-vulguin-iniciar-projectes-drdi\/#primaryimage"},"image":{"@id":"https:\/\/www.adlsantjosep.com\/es\/blog\/2023\/02\/27\/lespai-accelera-sadreca-pimes-illes-balears-que-vulguin-iniciar-projectes-drdi\/#primaryimage"},"thumbnailUrl":"https:\/\/www.adlsantjosep.com\/wp-content\/uploads\/2023\/02\/Captura-de-pantalla-2023-02-27-a-las-8.41.41.png","datePublished":"2023-02-27T07:38:13+00:00","dateModified":"2025-11-24T12:42:51+00:00","author":{"@id":"https:\/\/www.adlsantjosep.com\/#\/schema\/person\/27c50b0df0371db726272a869a01b959"},"breadcrumb":{"@id":"https:\/\/www.adlsantjosep.com\/es\/blog\/2023\/02\/27\/lespai-accelera-sadreca-pimes-illes-balears-que-vulguin-iniciar-projectes-drdi\/#breadcrumb"},"inLanguage":"es","potentialAction":[{"@type":"ReadAction","target":["https:\/\/www.adlsantjosep.com\/es\/blog\/2023\/02\/27\/lespai-accelera-sadreca-pimes-illes-balears-que-vulguin-iniciar-projectes-drdi\/"]}]},{"@type":"ImageObject","inLanguage":"es","@id":"https:\/\/www.adlsantjosep.com\/es\/blog\/2023\/02\/27\/lespai-accelera-sadreca-pimes-illes-balears-que-vulguin-iniciar-projectes-drdi\/#primaryimage","url":"https:\/\/www.adlsantjosep.com\/wp-content\/uploads\/2023\/02\/Captura-de-pantalla-2023-02-27-a-las-8.41.41.png","contentUrl":"https:\/\/www.adlsantjosep.com\/wp-content\/uploads\/2023\/02\/Captura-de-pantalla-2023-02-27-a-las-8.41.41.png","width":1191,"height":585},{"@type":"BreadcrumbList","@id":"https:\/\/www.adlsantjosep.com\/es\/blog\/2023\/02\/27\/lespai-accelera-sadreca-pimes-illes-balears-que-vulguin-iniciar-projectes-drdi\/#breadcrumb","itemListElement":[{"@type":"ListItem","position":1,"name":"Portada","item":"https:\/\/www.adlsantjosep.com\/es\/"},{"@type":"ListItem","position":2,"name":"El Espacio Acelera se dirige a PIMES"}]},{"@type":"WebSite","@id":"https:\/\/www.adlsantjosep.com\/#website","url":"https:\/\/www.adlsantjosep.com\/","name":"Ag\u00e8ncia de Desenvolupament Local de Sant Josep de sa Talaia","description":"Agencia de Desarrollo Local","potentialAction":[{"@type":"SearchAction","target":{"@type":"EntryPoint","urlTemplate":"https:\/\/www.adlsantjosep.com\/?s={search_term_string}"},"query-input":{"@type":"PropertyValueSpecification","valueRequired":true,"valueName":"search_term_string"}}],"inLanguage":"es"},{"@type":"Person","@id":"https:\/\/www.adlsantjosep.com\/#\/schema\/person\/27c50b0df0371db726272a869a01b959","name":"We Love Media","image":{"@type":"ImageObject","inLanguage":"es","@id":"https:\/\/www.adlsantjosep.com\/#\/schema\/person\/image\/","url":"https:\/\/secure.gravatar.com\/avatar\/df41328486a8eac99220a87521f321da45bd04d5a0e572431333c3df04ff20d4?s=96&d=mm&r=g","contentUrl":"https:\/\/secure.gravatar.com\/avatar\/df41328486a8eac99220a87521f321da45bd04d5a0e572431333c3df04ff20d4?s=96&d=mm&r=g","caption":"We Love Media"}}]}},"_links":{"self":[{"href":"https:\/\/www.adlsantjosep.com\/es\/wp-json\/wp\/v2\/posts\/7749","targetHints":{"allow":["GET"]}}],"collection":[{"href":"https:\/\/www.adlsantjosep.com\/es\/wp-json\/wp\/v2\/posts"}],"about":[{"href":"https:\/\/www.adlsantjosep.com\/es\/wp-json\/wp\/v2\/types\/post"}],"author":[{"embeddable":true,"href":"https:\/\/www.adlsantjosep.com\/es\/wp-json\/wp\/v2\/users\/18"}],"replies":[{"embeddable":true,"href":"https:\/\/www.adlsantjosep.com\/es\/wp-json\/wp\/v2\/comments?post=7749"}],"version-history":[{"count":0,"href":"https:\/\/www.adlsantjosep.com\/es\/wp-json\/wp\/v2\/posts\/7749\/revisions"}],"wp:featuredmedia":[{"embeddable":true,"href":"https:\/\/www.adlsantjosep.com\/es\/wp-json\/wp\/v2\/media\/7746"}],"wp:attachment":[{"href":"https:\/\/www.adlsantjosep.com\/es\/wp-json\/wp\/v2\/media?parent=7749"}],"wp:term":[{"taxonomy":"category","embeddable":true,"href":"https:\/\/www.adlsantjosep.com\/es\/wp-json\/wp\/v2\/categories?post=7749"},{"taxonomy":"post_tag","embeddable":true,"href":"https:\/\/www.adlsantjosep.com\/es\/wp-json\/wp\/v2\/tags?post=7749"}],"curies":[{"name":"wp","href":"https:\/\/api.w.org\/{rel}","templated":true}]}}